























{"id":4351,"date":"2013-05-22T20:43:53","date_gmt":"2013-05-22T20:43:53","guid":{"rendered":"http:\/\/www.ctmsonora.org\/?p=4351"},"modified":"2013-05-22T21:28:07","modified_gmt":"2013-05-22T21:28:07","slug":"4351","status":"publish","type":"post","link":"http:\/\/www.ctmsonora.org\/?p=4351","title":{"rendered":"Analiza CTM ventajas y desventajas de la reforma a Ley del IMSS"},"content":{"rendered":"<p><img loading=\"lazy\" decoding=\"async\" class=\"aligncenter size-full wp-image-4354\" title=\"CTM-MEXICO\" src=\"http:\/\/www.ctmsonora.org\/wp-content\/uploads\/2013\/05\/CTM-MEXICO1.jpg\" alt=\"\" width=\"1024\" height=\"768\" srcset=\"http:\/\/www.ctmsonora.org\/wp-content\/uploads\/2013\/05\/CTM-MEXICO1.jpg 1024w, http:\/\/www.ctmsonora.org\/wp-content\/uploads\/2013\/05\/CTM-MEXICO1-200x150.jpg 200w, http:\/\/www.ctmsonora.org\/wp-content\/uploads\/2013\/05\/CTM-MEXICO1-340x255.jpg 340w\" sizes=\"auto, (max-width: 1024px) 100vw, 1024px\" \/>La Confederaci\u00f3n de Trabajadores de M\u00e9xico observa aristas positivas y negativas en la iniciativa de reforma a la Ley del Instituto Mexicano del Seguro Social que se discute en el Congreso de la Uni\u00f3n. El vocero de esa central obrera, Patricio Flores Sandoval, subray\u00f3 que la propuesta representar\u00eda que la instituci\u00f3n reciba m\u00e1s ingresos porque se elevar\u00edan las cuotas obrero patronales y eso le permitir\u00eda paliar un poco la crisis financiera que atraviesa.<\/p>\n<p>Empero destac\u00f3 que, aunque en cuant\u00edan m\u00ednima, esta homologaci\u00f3n del reporte salarial ante el IMSS y por concepto de Impuesto Sobre la Renta ante la Secretar\u00eda de Hacienda y Cr\u00e9dito s\u00ed ocasionar\u00eda que al trabajador se le quite m\u00e1s para pagar su cuota. &#8220;Los funcionarios del IMSS con quienes nos hemos entrevistado nos confirmaron que s\u00ed habr\u00e1 un incremento de la cuota del trabajador, pero nos aseguran que no representar\u00e1 un golpe a su econom\u00eda&#8221;, subray\u00f3.<\/p>\n<p>El secretario de Comunicaci\u00f3n Social de la CTM expres\u00f3 que otro aspecto que favorable es el relacionado con el hecho de que se atacar\u00eda a un sector, que es minoritario, de empresarios evasores de impuestos como los que subcontratan. Flores Sandoval mencion\u00f3 que la CTM considera como riesgo de esta reforma que los empresarios utilicen la homologaci\u00f3n para eliminar prestaciones de los contratos colectivos e individuales de sus trabajadores.<\/p>\n<p>Sin embargo, enfatiz\u00f3, &#8220;vigilaremos que no se desvirt\u00fae el compromiso de los empresarios de dar prestaciones sociales a los trabajadores cuando se ajuste el reporte de salarios ante el IMSS. Podr\u00edan argumentar que como ahora ya les cuesta lo mismo el salario integrado que el real, decidan eliminar de sus contratos las prestaciones sociales adicionales&#8221;.<\/p>\n<p>El vocero cetemista a\u00f1adi\u00f3 que otra de las ventajas para los trabajadores ser\u00e1 que al reportar su patr\u00f3n el salario real ante el IMSS el rubro de la jubilaci\u00f3n y pensi\u00f3n se incrementar\u00e1, pero se trata de un beneficio que s\u00f3lo ver\u00e1 hasta que llegue ese momento.<\/p>\n<p>FUENTE: latarde.com.mx<\/p>\n","protected":false},"excerpt":{"rendered":"El vocero de esa central obrera, Patricio Flores Sandoval, subray\u00f3 que la propuesta representar\u00eda que la instituci\u00f3n reciba m\u00e1s ingresos porque se elevar\u00edan las cuotas obrero patronales y eso le permitir\u00eda paliar un poco la crisis financiera que atraviesa.\n<a class=\"moretag\" href=\"http:\/\/www.ctmsonora.org\/?p=4351\"> [...]<\/a>","protected":false},"author":1,"featured_media":0,"comment_status":"open","ping_status":"open","sticky":false,"template":"","format":"standard","meta":{"footnotes":""},"categories":[3],"tags":[],"class_list":["post-4351","post","type-post","status-publish","format-standard","hentry","category-noticias"],"_links":{"self":[{"href":"http:\/\/www.ctmsonora.org\/index.php?rest_route=\/wp\/v2\/posts\/4351","targetHints":{"allow":["GET"]}}],"collection":[{"href":"http:\/\/www.ctmsonora.org\/index.php?rest_route=\/wp\/v2\/posts"}],"about":[{"href":"http:\/\/www.ctmsonora.org\/index.php?rest_route=\/wp\/v2\/types\/post"}],"author":[{"embeddable":true,"href":"http:\/\/www.ctmsonora.org\/index.php?rest_route=\/wp\/v2\/users\/1"}],"replies":[{"embeddable":true,"href":"http:\/\/www.ctmsonora.org\/index.php?rest_route=%2Fwp%2Fv2%2Fcomments&post=4351"}],"version-history":[{"count":3,"href":"http:\/\/www.ctmsonora.org\/index.php?rest_route=\/wp\/v2\/posts\/4351\/revisions"}],"predecessor-version":[{"id":4353,"href":"http:\/\/www.ctmsonora.org\/index.php?rest_route=\/wp\/v2\/posts\/4351\/revisions\/4353"}],"wp:attachment":[{"href":"http:\/\/www.ctmsonora.org\/index.php?rest_route=%2Fwp%2Fv2%2Fmedia&parent=4351"}],"wp:term":[{"taxonomy":"category","embeddable":true,"href":"http:\/\/www.ctmsonora.org\/index.php?rest_route=%2Fwp%2Fv2%2Fcategories&post=4351"},{"taxonomy":"post_tag","embeddable":true,"href":"http:\/\/www.ctmsonora.org\/index.php?rest_route=%2Fwp%2Fv2%2Ftags&post=4351"}],"curies":[{"name":"wp","href":"https:\/\/api.w.org\/{rel}","templated":true}]}}